{"id":80,"date":"2011-12-29T17:26:31","date_gmt":"2011-12-29T15:26:31","guid":{"rendered":"http:\/\/www.parcello.org\/blog\/?p=80"},"modified":"2020-01-11T01:28:18","modified_gmt":"2020-01-11T01:28:18","slug":"ankundigung-und-einen-guten-rutsch","status":"publish","type":"post","link":"https:\/\/www.parcello.org\/blog\/2011\/12\/29\/ankundigung-und-einen-guten-rutsch\/","title":{"rendered":"Ank\u00fcndigung und einen guten Rutsch"},"content":{"rendered":"<p>Hoffentlich seid ihr gut durch die besinnlichen Tage geflutscht und k\u00f6nnt nun maximal erholt ins neue Jahr starten. Ich habe die Tage genutzt, um mir zu \u00fcberlegen, wie die <strong>Parcello Zukunft<\/strong> aussehen soll. Dabei freue ich mich riesig euch mitteilen zu k\u00f6nnen, dass ihr euch auf ein <strong>fantastisches Schmankerl und Update\u00a0<\/strong>im Jahr <strong>2012<\/strong> freuen k\u00f6nnt.<\/p>\n<p>Doch mehr dazu, wenn es soweit ist.<br \/>\nAuch danke ich den vielen Nutzern, welche mich <a title=\"Kontakt\" href=\"https:\/\/blog.parcello.org\/kontakt.php\" target=\"_blank\" rel=\"noopener\">kontaktierten<\/a>\u00a0und mir so wertvolle Anregungen zukommen lie\u00dfen, oder f\u00fcr Parcello im eigenen Blog die Werbetrommel r\u00fchrten, oder auf der <a title=\"Parcello Facebook\" href=\"http:\/\/www.facebook.com\/pages\/Parcelloorg\/280346128671623\" target=\"_blank\" rel=\"noopener noreferrer\">Facebook Fanpage<\/a> <strong>&#8222;Gef\u00e4llt mir&#8220;<\/strong> klickten!<\/p>\n<p>Mein Ziel die Spendensumme von 20\u20ac, bis zum Jahreswechsel, zu knacken hat leider nicht ganz geklappt, jedoch haben sich die <strong>Eintr\u00e4ge<\/strong> im Dezember fast <strong>verdreifacht<\/strong>! Fantastisch. Da ist aber bestimmt noch einiges an Spielraum nach oben m\u00f6glich! Ihr k\u00f6nnt auf jeden Fall <strong>gespannt bleiben<\/strong>, wie viel Gutes mit Parcello im \u00a0Jahr 2012\u00a0getan werden kann. Einen aktuellen Spenden-Beleg werde ich bei der <a title=\"Spendenbeleg\" href=\"https:\/\/blog.parcello.org\/blog\/category\/spendenbeleg\/\" target=\"_blank\" rel=\"noopener\">Spendensumme<\/a> von 15\u20ac hochladen.<\/p>\n<p>Ich danke allen Parcello Unterst\u00fctzern f\u00fcr das <a title=\"Uhrzeit melden\" href=\"https:\/\/blog.parcello.org\/lieferzeit.php?post=notset&amp;init=true\" target=\"_blank\" rel=\"noopener\">melden von Uhrzeiten<\/a>! Durch eure Hilfe kann ich mich weiter f\u00fcr die <strong>Rechte der Tiere<\/strong> einsetzen und Parcello weiterentwickeln.<br \/>\nIch w\u00fcnsche allen Nutzern einen guten Rutsch ins neue Jahr!<\/p>\n","protected":false},"excerpt":{"rendered":"<p>Hoffentlich seid ihr gut durch die besinnlichen Tage geflutscht und k\u00f6nnt nun maximal erholt ins neue Jahr starten. Ich habe die Tage genutzt, um mir zu \u00fcberlegen, wie die Parcello Zukunft aussehen soll. Dabei freue ich mich riesig euch mitteilen zu k\u00f6nnen, dass ihr euch auf ein fantastisches Schmankerl und Update\u00a0im Jahr 2012 freuen k\u00f6nnt. Doch mehr dazu, wenn es soweit ist. Auch danke ich den vielen Nutzern, welche mich kontaktierten\u00a0und mir so wertvolle Anregungen zukommen lie\u00dfen, oder f\u00fcr Parcello [&hellip;]<\/p>\n","protected":false},"author":2,"featured_media":0,"comment_status":"open","ping_status":"open","sticky":false,"template":"","format":"standard","meta":{"footnotes":""},"categories":[4],"tags":[],"_links":{"self":[{"href":"https:\/\/www.parcello.org\/blog\/wp-json\/wp\/v2\/posts\/80"}],"collection":[{"href":"https:\/\/www.parcello.org\/blog\/wp-json\/wp\/v2\/posts"}],"about":[{"href":"https:\/\/www.parcello.org\/blog\/wp-json\/wp\/v2\/types\/post"}],"author":[{"embeddable":true,"href":"https:\/\/www.parcello.org\/blog\/wp-json\/wp\/v2\/users\/2"}],"replies":[{"embeddable":true,"href":"https:\/\/www.parcello.org\/blog\/wp-json\/wp\/v2\/comments?post=80"}],"version-history":[{"count":1,"href":"https:\/\/www.parcello.org\/blog\/wp-json\/wp\/v2\/posts\/80\/revisions"}],"predecessor-version":[{"id":4168,"href":"https:\/\/www.parcello.org\/blog\/wp-json\/wp\/v2\/posts\/80\/revisions\/4168"}],"wp:attachment":[{"href":"https:\/\/www.parcello.org\/blog\/wp-json\/wp\/v2\/media?parent=80"}],"wp:term":[{"taxonomy":"category","embeddable":true,"href":"https:\/\/www.parcello.org\/blog\/wp-json\/wp\/v2\/categories?post=80"},{"taxonomy":"post_tag","embeddable":true,"href":"https:\/\/www.parcello.org\/blog\/wp-json\/wp\/v2\/tags?post=80"}],"curies":[{"name":"wp","href":"https:\/\/api.w.org\/{rel}","templated":true}]}}